{"id":107,"date":"2026-01-27T14:47:25","date_gmt":"2026-01-27T17:47:25","guid":{"rendered":"https:\/\/planmetal.com.br\/blog\/?p=107"},"modified":"2026-01-27T16:16:47","modified_gmt":"2026-01-27T19:16:47","slug":"fachadas-de-edificios-a-escolha-certa-para-refletir-o-estilo-e-personalidade-do-seu-empreendimento","status":"publish","type":"post","link":"https:\/\/planmetal.com.br\/blog\/fachada-metalica\/fachadas-de-edificios-a-escolha-certa-para-refletir-o-estilo-e-personalidade-do-seu-empreendimento\/","title":{"rendered":"Fachadas de edif\u00edcios: a escolha certa para refletir o estilo e personalidade do seu empreendimento"},"content":{"rendered":"<span class=\"span-reading-time rt-reading-time\" style=\"display: block;\"><span class=\"rt-label rt-prefix\">Tempo de leitura: <\/span> <span class=\"rt-time\"> 4<\/span> <span class=\"rt-label rt-postfix\">minutos<\/span><\/span>\n<p class=\"has-medium-font-size\"><strong><em>Descubra como escolher a fachada ideal para o seu edif\u00edcio e refletir o estilo e a personalidade do seu empreendimento. Conhe\u00e7a a PlanMetal!<\/em><\/strong><\/p>\n\n\n\n<p>As fachadas de edif\u00edcios s\u00e3o muito mais do que uma simples estrutura externa. Elas s\u00e3o o cart\u00e3o de visitas de um empreendimento, refletindo sua identidade, estilo e at\u00e9 valores.<\/p>\n\n\n\n<p>Al\u00e9m do apelo visual, a escolha do material e do design impacta diretamente em fatores como isolamento t\u00e9rmico e ac\u00fastico, durabilidade e efici\u00eancia energ\u00e9tica. Portanto, escolher a fachada certa \u00e9 um investimento que agrega valor e funcionalidade ao im\u00f3vel.<\/p>\n\n\n\n<p>Seja para projetos comerciais, residenciais ou corporativos, entender as op\u00e7\u00f5es dispon\u00edveis e os benef\u00edcios de cada tipo de fachada pode garantir uma escolha mais acertada. Neste artigo, exploramos a import\u00e2ncia das fachadas e os principais modelos dispon\u00edveis no mercado.<\/p>\n\n\n\n<div id=\"ez-toc-container\" class=\"ez-toc-v2_0_72 counter-hierarchy ez-toc-counter ez-toc-grey ez-toc-container-direction\">\n<div class=\"ez-toc-title-container\">\n<p class=\"ez-toc-title\" style=\"cursor:inherit\">O que abordaremos neste artigo:<\/p>\n<span class=\"ez-toc-title-toggle\"><a href=\"#\" class=\"ez-toc-pull-right ez-toc-btn ez-toc-btn-xs ez-toc-btn-default ez-toc-toggle\" aria-label=\"Toggle Table of Content\"><span class=\"ez-toc-js-icon-con\"><span class=\"\"><span class=\"eztoc-hide\" style=\"display:none;\">Toggle<\/span><span class=\"ez-toc-icon-toggle-span\"><svg style=\"fill: #999;color:#999\" xmlns=\"http:\/\/www.w3.org\/2000\/svg\" class=\"list-377408\" width=\"20px\" height=\"20px\" viewBox=\"0 0 24 24\" fill=\"none\"><path d=\"M6 6H4v2h2V6zm14 0H8v2h12V6zM4 11h2v2H4v-2zm16 0H8v2h12v-2zM4 16h2v2H4v-2zm16 0H8v2h12v-2z\" fill=\"currentColor\"><\/path><\/svg><svg style=\"fill: #999;color:#999\" class=\"arrow-unsorted-368013\" xmlns=\"http:\/\/www.w3.org\/2000\/svg\" width=\"10px\" height=\"10px\" viewBox=\"0 0 24 24\" version=\"1.2\" baseProfile=\"tiny\"><path d=\"M18.2 9.3l-6.2-6.3-6.2 6.3c-.2.2-.3.4-.3.7s.1.5.3.7c.2.2.4.3.7.3h11c.3 0 .5-.1.7-.3.2-.2.3-.5.3-.7s-.1-.5-.3-.7zM5.8 14.7l6.2 6.3 6.2-6.3c.2-.2.3-.5.3-.7s-.1-.5-.3-.7c-.2-.2-.4-.3-.7-.3h-11c-.3 0-.5.1-.7.3-.2.2-.3.5-.3.7s.1.5.3.7z\"\/><\/svg><\/span><\/span><\/span><\/a><\/span><\/div>\n<nav><ul class='ez-toc-list ez-toc-list-level-1 ' ><li class='ez-toc-page-1 ez-toc-heading-level-2'><a class=\"ez-toc-link ez-toc-heading-1\" href=\"https:\/\/planmetal.com.br\/blog\/fachada-metalica\/fachadas-de-edificios-a-escolha-certa-para-refletir-o-estilo-e-personalidade-do-seu-empreendimento\/#A_importancia_das_fachadas_de_edificios\" title=\"A import\u00e2ncia das fachadas de edif\u00edcios\">A import\u00e2ncia das fachadas de edif\u00edcios<\/a><\/li><li class='ez-toc-page-1 ez-toc-heading-level-2'><a class=\"ez-toc-link ez-toc-heading-2\" href=\"https:\/\/planmetal.com.br\/blog\/fachada-metalica\/fachadas-de-edificios-a-escolha-certa-para-refletir-o-estilo-e-personalidade-do-seu-empreendimento\/#Tipos_de_fachadas_de_edificios\" title=\"Tipos de fachadas de edif\u00edcios\">Tipos de fachadas de edif\u00edcios<\/a><ul class='ez-toc-list-level-4' ><li class='ez-toc-heading-level-4'><ul class='ez-toc-list-level-4' ><li class='ez-toc-heading-level-4'><a class=\"ez-toc-link ez-toc-heading-3\" href=\"https:\/\/planmetal.com.br\/blog\/fachada-metalica\/fachadas-de-edificios-a-escolha-certa-para-refletir-o-estilo-e-personalidade-do-seu-empreendimento\/#1_Fachadas_ventiladas\" title=\"1. Fachadas ventiladas\">1. Fachadas ventiladas<\/a><\/li><li class='ez-toc-page-1 ez-toc-heading-level-4'><a class=\"ez-toc-link ez-toc-heading-4\" href=\"https:\/\/planmetal.com.br\/blog\/fachada-metalica\/fachadas-de-edificios-a-escolha-certa-para-refletir-o-estilo-e-personalidade-do-seu-empreendimento\/#2_Fachadas_em_vidro\" title=\"2. Fachadas em vidro\">2. Fachadas em vidro<\/a><\/li><li class='ez-toc-page-1 ez-toc-heading-level-4'><a class=\"ez-toc-link ez-toc-heading-5\" href=\"https:\/\/planmetal.com.br\/blog\/fachada-metalica\/fachadas-de-edificios-a-escolha-certa-para-refletir-o-estilo-e-personalidade-do-seu-empreendimento\/#3_Fachadas_em_concreto\" title=\"3. Fachadas em concreto\">3. Fachadas em concreto<\/a><\/li><li class='ez-toc-page-1 ez-toc-heading-level-4'><a class=\"ez-toc-link ez-toc-heading-6\" href=\"https:\/\/planmetal.com.br\/blog\/fachada-metalica\/fachadas-de-edificios-a-escolha-certa-para-refletir-o-estilo-e-personalidade-do-seu-empreendimento\/#4_Fachadas_em_madeira\" title=\"4. Fachadas em madeira\">4. Fachadas em madeira<\/a><\/li><li class='ez-toc-page-1 ez-toc-heading-level-4'><a class=\"ez-toc-link ez-toc-heading-7\" href=\"https:\/\/planmetal.com.br\/blog\/fachada-metalica\/fachadas-de-edificios-a-escolha-certa-para-refletir-o-estilo-e-personalidade-do-seu-empreendimento\/#5_Fachadas_em_metal\" title=\"5. Fachadas em metal\">5. Fachadas em metal<\/a><\/li><\/ul><\/li><\/ul><\/li><li class='ez-toc-page-1 ez-toc-heading-level-2'><a class=\"ez-toc-link ez-toc-heading-8\" href=\"https:\/\/planmetal.com.br\/blog\/fachada-metalica\/fachadas-de-edificios-a-escolha-certa-para-refletir-o-estilo-e-personalidade-do-seu-empreendimento\/#Como_escolher_a_fachada_ideal\" title=\"Como escolher a fachada ideal?\">Como escolher a fachada ideal?<\/a><\/li><li class='ez-toc-page-1 ez-toc-heading-level-2'><a class=\"ez-toc-link ez-toc-heading-9\" href=\"https:\/\/planmetal.com.br\/blog\/fachada-metalica\/fachadas-de-edificios-a-escolha-certa-para-refletir-o-estilo-e-personalidade-do-seu-empreendimento\/#Fachadas_de_edificios_da_PlanMetal_modernidade_e_eficiencia\" title=\"Fachadas de edif\u00edcios da PlanMetal: modernidade e efici\u00eancia\">Fachadas de edif\u00edcios da PlanMetal: modernidade e efici\u00eancia<\/a><\/li><\/ul><\/nav><\/div>\n<h2 class=\"wp-block-heading\"><span class=\"ez-toc-section\" id=\"A_importancia_das_fachadas_de_edificios\"><\/span><strong>A import\u00e2ncia das fachadas de edif\u00edcios<\/strong><span class=\"ez-toc-section-end\"><\/span><\/h2>\n\n\n\n<p>As fachadas de edif\u00edcios s\u00e3o essenciais para a <strong>identidade visual<\/strong> de qualquer constru\u00e7\u00e3o. Elas definem o estilo e a personalidade do empreendimento, tornando-o mais atrativo e memor\u00e1vel.<\/p>\n\n\n\n<p>Al\u00e9m da est\u00e9tica, cumprem fun\u00e7\u00f5es importantes como prote\u00e7\u00e3o contra intemp\u00e9ries, isolamento t\u00e9rmico e ac\u00fastico, e efici\u00eancia energ\u00e9tica, reduzindo custos com climatiza\u00e7\u00e3o. Tamb\u00e9m s\u00e3o um espa\u00e7o para <strong>express\u00e3o art\u00edstica<\/strong>, permitindo designs inovadores e sofisticados.<\/p>\n\n\n\n<p>Uma fachada bem projetada n\u00e3o s\u00f3 melhora a apar\u00eancia do edif\u00edcio, mas tamb\u00e9m <strong>valoriza o im\u00f3vel<\/strong>, aumentando seu potencial de venda ou loca\u00e7\u00e3o e proporcionando conforto e efici\u00eancia aos usu\u00e1rios.<\/p>\n\n\n\n<ul class=\"wp-block-list\">\n<li><a href=\"https:\/\/planmetal.com.br\/blog\/?p=75\">Mezanino met\u00e1lico: a solu\u00e7\u00e3o inteligente para aproveitamento m\u00e1ximo de espa\u00e7o<\/a><\/li>\n<\/ul>\n\n\n\n<h2 class=\"wp-block-heading\"><span class=\"ez-toc-section\" id=\"Tipos_de_fachadas_de_edificios\"><\/span><strong>Tipos de fachadas de edif\u00edcios<\/strong><span class=\"ez-toc-section-end\"><\/span><\/h2>\n\n\n\n<h4 class=\"wp-block-heading\"><span class=\"ez-toc-section\" id=\"1_Fachadas_ventiladas\"><\/span><strong>1. Fachadas ventiladas<\/strong><span class=\"ez-toc-section-end\"><\/span><\/h4>\n\n\n\n<p>As fachadas ventiladas s\u00e3o compostas por duas camadas separadas por uma c\u00e2mara de ar, o que proporciona um excelente isolamento t\u00e9rmico e ac\u00fastico. Elas s\u00e3o ideais para quem busca efici\u00eancia energ\u00e9tica e conforto ambiental.<\/p>\n\n\n\n<p><strong>Vantagens:<\/strong><\/p>\n\n\n\n<ul class=\"wp-block-list\">\n<li>Redu\u00e7\u00e3o do consumo de energia com climatiza\u00e7\u00e3o;<\/li>\n\n\n\n<li>Maior prote\u00e7\u00e3o contra umidade e intemp\u00e9ries;<\/li>\n\n\n\n<li>Excelente durabilidade e baixa manuten\u00e7\u00e3o.<\/li>\n<\/ul>\n\n\n\n<h4 class=\"wp-block-heading\"><span class=\"ez-toc-section\" id=\"2_Fachadas_em_vidro\"><\/span><strong>2. Fachadas em vidro<\/strong><span class=\"ez-toc-section-end\"><\/span><\/h4>\n\n\n\n<p>As fachadas de vidro s\u00e3o amplamente utilizadas em edif\u00edcios comerciais e residenciais de alto padr\u00e3o. Elas oferecem uma est\u00e9tica moderna e permitem a entrada de luz natural, reduzindo o consumo de energia el\u00e9trica.<\/p>\n\n\n\n<p><strong>Vantagens:<\/strong><\/p>\n\n\n\n<ul class=\"wp-block-list\">\n<li>Visual sofisticado e elegante;<\/li>\n\n\n\n<li>Melhor aproveitamento da ilumina\u00e7\u00e3o natural;<\/li>\n\n\n\n<li>Possibilidade de diferentes tipos de vidro para controle t\u00e9rmico e ac\u00fastico.<\/li>\n<\/ul>\n\n\n\n<h4 class=\"wp-block-heading\"><span class=\"ez-toc-section\" id=\"3_Fachadas_em_concreto\"><\/span><strong>3. Fachadas em concreto<\/strong><span class=\"ez-toc-section-end\"><\/span><\/h4>\n\n\n\n<p>O concreto \u00e9 um material cl\u00e1ssico na arquitetura, proporcionando robustez e resist\u00eancia. Ele pode ser combinado com outros materiais para um efeito visual interessante e contempor\u00e2neo.<\/p>\n\n\n\n<p><strong>Vantagens:<\/strong><\/p>\n\n\n\n<ul class=\"wp-block-list\">\n<li>Alta resist\u00eancia e durabilidade;<\/li>\n\n\n\n<li>Possibilidade de diversos acabamentos e texturas;<\/li>\n\n\n\n<li>Boa performance t\u00e9rmica e ac\u00fastica.<\/li>\n<\/ul>\n\n\n\n<h4 class=\"wp-block-heading\"><span class=\"ez-toc-section\" id=\"4_Fachadas_em_madeira\"><\/span><strong>4. Fachadas em madeira<\/strong><span class=\"ez-toc-section-end\"><\/span><\/h4>\n\n\n\n<p>A madeira transmite um visual <strong>natural e aconchegante<\/strong>, sendo uma excelente op\u00e7\u00e3o para projetos sustent\u00e1veis. No entanto, exige cuidados especiais para manter sua durabilidade.<\/p>\n\n\n\n<p><strong>Vantagens:<\/strong><\/p>\n\n\n\n<ul class=\"wp-block-list\">\n<li>Est\u00e9tica acolhedora e sofisticada;<\/li>\n\n\n\n<li>Material sustent\u00e1vel quando obtido de fontes certificadas;<\/li>\n\n\n\n<li>Excelente integra\u00e7\u00e3o com a natureza.<\/li>\n<\/ul>\n\n\n\n<h4 class=\"wp-block-heading\"><span class=\"ez-toc-section\" id=\"5_Fachadas_em_metal\"><\/span><strong>5. Fachadas em metal<\/strong><span class=\"ez-toc-section-end\"><\/span><\/h4>\n\n\n\n<p>As fachadas met\u00e1licas s\u00e3o ideais para quem busca um design moderno e inovador. Elas podem ser utilizadas em conjunto com vidro, concreto ou madeira para criar um efeito visual impactante.<\/p>\n\n\n\n<ul class=\"wp-block-list\">\n<li><strong>Vantagens:<\/strong><\/li>\n\n\n\n<li>Alta resist\u00eancia e durabilidade;<\/li>\n\n\n\n<li>Est\u00e9tica contempor\u00e2nea e industrial;<\/li>\n\n\n\n<li>Versatilidade para diferentes aplica\u00e7\u00f5es.<\/li>\n<\/ul>\n\n\n\n<h2 class=\"wp-block-heading\"><span class=\"ez-toc-section\" id=\"Como_escolher_a_fachada_ideal\"><\/span><strong>Como escolher a fachada ideal?<\/strong><span class=\"ez-toc-section-end\"><\/span><\/h2>\n\n\n\n<p>Para escolher a fachada ideal, \u00e9 essencial considerar o <strong>estilo arquitet\u00f4nico do projeto,<\/strong> garantindo harmonia com o conceito da constru\u00e7\u00e3o.&nbsp;<\/p>\n\n\n<div class=\"wp-block-image\">\n<figure class=\"alignright size-full is-resized\"><img loading=\"lazy\" decoding=\"async\" width=\"800\" height=\"600\" src=\"https:\/\/planmetal.com.br\/blog\/wp-content\/uploads\/2025\/03\/edificio-forma-itaim_03-1-1.webp\" alt=\"\" class=\"wp-image-110\" style=\"width:312px;height:auto\" srcset=\"https:\/\/planmetal.com.br\/blog\/wp-content\/uploads\/2025\/03\/edificio-forma-itaim_03-1-1.webp 800w, https:\/\/planmetal.com.br\/blog\/wp-content\/uploads\/2025\/03\/edificio-forma-itaim_03-1-1-300x225.webp 300w, https:\/\/planmetal.com.br\/blog\/wp-content\/uploads\/2025\/03\/edificio-forma-itaim_03-1-1-768x576.webp 768w, https:\/\/planmetal.com.br\/blog\/wp-content\/uploads\/2025\/03\/edificio-forma-itaim_03-1-1-80x60.webp 80w\" sizes=\"auto, (max-width: 800px) 100vw, 800px\" \/><\/figure>\n<\/div>\n\n\n<p>Al\u00e9m da est\u00e9tica, fatores como <strong>durabilidade, isolamento t\u00e9rmico e ac\u00fastico, e efici\u00eancia energ\u00e9tica<\/strong> devem ser avaliados para melhorar o conforto e reduzir custos operacionais.<\/p>\n\n\n\n<p>O <strong>clima da regi\u00e3o<\/strong> tamb\u00e9m influencia na escolha dos materiais, j\u00e1 que alguns s\u00e3o mais resistentes a umidade, calor ou frio intenso.&nbsp;<\/p>\n\n\n\n<p>A <strong>manuten\u00e7\u00e3o<\/strong> \u00e9 outro ponto crucial, pois certos acabamentos exigem cuidados frequentes. Por fim, o or\u00e7amento deve estar alinhado com a proposta do projeto, equilibrando custo e qualidade para garantir um investimento eficiente e duradouro.<\/p>\n\n\n\n<ul class=\"wp-block-list\">\n<li><a href=\"https:\/\/planmetal.com.br\/blog\/?p=72\">Estrutura met\u00e1lica para hospitais: a escolha que pode salvar tempo e recursos<\/a><\/li>\n<\/ul>\n\n\n\n<h2 class=\"wp-block-heading\"><span class=\"ez-toc-section\" id=\"Fachadas_de_edificios_da_PlanMetal_modernidade_e_eficiencia\"><\/span><strong>Fachadas de edif\u00edcios da PlanMetal: modernidade e efici\u00eancia<\/strong><span class=\"ez-toc-section-end\"><\/span><\/h2>\n\n\n\n<p>A PlanMetal \u00e9 refer\u00eancia no mercado de fachadas met\u00e1licas, oferecendo solu\u00e7\u00f5es inovadoras que combinam design, resist\u00eancia e funcionalidade. Com tecnologia avan\u00e7ada e materiais de alta qualidade, as fachadas da PlanMetal s\u00e3o ideais para projetos que exigem sofistica\u00e7\u00e3o e durabilidade.<\/p>\n\n\n\n<p><strong>Diferenciais das fachadas da PlanMetal:<\/strong><\/p>\n\n\n\n<ul class=\"wp-block-list\">\n<li><strong>Personaliza\u00e7\u00e3o<\/strong>: Solu\u00e7\u00f5es sob medida para cada projeto;<\/li>\n\n\n\n<li><strong>Sustentabilidade<\/strong>: Materiais recicl\u00e1veis e processos ecoeficientes;<\/li>\n\n\n\n<li><strong>Alta resist\u00eancia<\/strong>: Maior durabilidade contra intemp\u00e9ries e corros\u00e3o;<\/li>\n\n\n\n<li><strong>Design moderno<\/strong>: Est\u00e9tica inovadora e diferenciada.<\/li>\n<\/ul>\n\n\n\n<p>Se voc\u00ea busca uma fachada que valorize o seu empreendimento e ofere\u00e7a o melhor custo-benef\u00edcio, conhe\u00e7a as solu\u00e7\u00f5es da <strong>PlanMetal<\/strong>.&nbsp;<\/p>\n\n\n\n<p><strong><a href=\"https:\/\/api.whatsapp.com\/send?phone=5511941990567\">Entre em contato<\/a> e descubra como transformar seu projeto com inova\u00e7\u00e3o e qualidade!<\/strong><\/p>\n","protected":false},"excerpt":{"rendered":"<p><span class=\"span-reading-time rt-reading-time\" style=\"display: block;\"><span class=\"rt-label rt-prefix\">Tempo de leitura: <\/span> <span class=\"rt-time\"> 4<\/span> <span class=\"rt-label rt-postfix\">minutos<\/span><\/span>Descubra como escolher a fachada ideal para o seu edif\u00edcio e refletir o estilo e a personalidade do seu empreendimento. Conhe\u00e7a a PlanMetal! As fachadas de edif\u00edcios s\u00e3o muito mais do que uma simples estrutura externa. Elas s\u00e3o o cart\u00e3o de visitas de um empreendimento, refletindo sua identidade, estilo e at\u00e9 valores. Al\u00e9m do apelo &hellip; <\/p>\n","protected":false},"author":1,"featured_media":108,"comment_status":"open","ping_status":"open","sticky":false,"template":"","format":"standard","meta":{"footnotes":""},"categories":[115],"tags":[1001,978,1006,977,976,975,1003,999,134,993,992,986,980,984,981,990,989,985,987,991,983,988,996,995,1000,998,1002,123,1007,124,997,982,1005,979,125,994,1004],"class_list":["post-107","post","type-post","status-publish","format-standard","has-post-thumbnail","hentry","category-fachada-metalica","tag-design-de-fachadas","tag-distribuidor-de-fachadas-de-edificios","tag-eficiencia-energetica-em-fachadas","tag-empresa-de-fachadas-de-edificios","tag-fabrica-de-fachadas-de-edificios","tag-fabricante-de-fachadas-de-edificios","tag-fachadas-arquitetonicas","tag-fachadas-comerciais","tag-fachadas-comerciais-modernas","tag-fachadas-de-edificios","tag-fachadas-de-edificios-em-pinheiros","tag-fachadas-de-edificios-em-promocao","tag-fachadas-de-edificios-em-sao-paulo","tag-fachadas-de-edificios-em-sp","tag-fachadas-de-edificios-na-faria-lima","tag-fachadas-de-edificios-na-zona-sul","tag-fachadas-de-edificios-no-campo-limpo-paulista","tag-fachadas-de-edificios-no-itaim-bibi","tag-fachadas-de-edificios-no-jardim-paulistano","tag-fachadas-de-edificios-perto-de-mim","tag-fachadas-de-edificios-preco","tag-fachadas-de-edificios-proximo-a-mim","tag-fachadas-em-concreto","tag-fachadas-em-madeira","tag-fachadas-em-vidro","tag-fachadas-inovadoras","tag-fachadas-metalicas","tag-fachadas-modernas","tag-fachadas-residenciais","tag-fachadas-sustentaveis","tag-fachadas-ventiladas","tag-fornecedor-de-fachadas-de-edificios","tag-isolamento-termico-em-fachadas","tag-loja-de-fachadas-de-edificios","tag-planmetal-fachadas","tag-tipos-de-fachadas","tag-valorizacao-imobiliaria","latest_post"],"yoast_head":"<!-- This site is optimized with the Yoast SEO plugin v24.2 - https:\/\/yoast.com\/wordpress\/plugins\/seo\/ -->\n<title>Fachadas de edif\u00edcios: a escolha certa para refletir o estilo e personalidade do seu empreendimento - Blog PlanMetal<\/title>\n<meta name=\"description\" content=\"Descubra como escolher a fachada ideal para o seu edif\u00edcio e refletir o estilo e a personalidade do seu empreendimento. Conhe\u00e7a a PlanMetal!\" \/>\n<meta name=\"robots\" content=\"index, follow, max-snippet:-1, max-image-preview:large, max-video-preview:-1\" \/>\n<link rel=\"canonical\" href=\"https:\/\/planmetal.com.br\/blog\/fachada-metalica\/fachadas-de-edificios-a-escolha-certa-para-refletir-o-estilo-e-personalidade-do-seu-empreendimento\/\" \/>\n<meta property=\"og:locale\" content=\"pt_BR\" \/>\n<meta property=\"og:type\" content=\"article\" \/>\n<meta property=\"og:title\" content=\"Fachadas de edif\u00edcios: a escolha certa para refletir o estilo e personalidade do seu empreendimento - Blog PlanMetal\" \/>\n<meta property=\"og:description\" content=\"Descubra como escolher a fachada ideal para o seu edif\u00edcio e refletir o estilo e a personalidade do seu empreendimento. Conhe\u00e7a a PlanMetal!\" \/>\n<meta property=\"og:url\" content=\"https:\/\/planmetal.com.br\/blog\/fachada-metalica\/fachadas-de-edificios-a-escolha-certa-para-refletir-o-estilo-e-personalidade-do-seu-empreendimento\/\" \/>\n<meta property=\"og:site_name\" content=\"Blog PlanMetal\" \/>\n<meta property=\"article:published_time\" content=\"2026-01-27T17:47:25+00:00\" \/>\n<meta property=\"article:modified_time\" content=\"2026-01-27T19:16:47+00:00\" \/>\n<meta property=\"og:image\" content=\"https:\/\/planmetal.com.br\/blog\/wp-content\/uploads\/2025\/03\/DJI_0137-1024x768-1.jpeg\" \/>\n\t<meta property=\"og:image:width\" content=\"1024\" \/>\n\t<meta property=\"og:image:height\" content=\"768\" \/>\n\t<meta property=\"og:image:type\" content=\"image\/jpeg\" \/>\n<meta name=\"author\" content=\"admin\" \/>\n<meta name=\"twitter:card\" content=\"summary_large_image\" \/>\n<meta name=\"twitter:label1\" content=\"Escrito por\" \/>\n\t<meta name=\"twitter:data1\" content=\"admin\" \/>\n\t<meta name=\"twitter:label2\" content=\"Est. tempo de leitura\" \/>\n\t<meta name=\"twitter:data2\" content=\"5 minutos\" \/>\n<script type=\"application\/ld+json\" class=\"yoast-schema-graph\">{\"@context\":\"https:\/\/schema.org\",\"@graph\":[{\"@type\":\"Article\",\"@id\":\"https:\/\/planmetal.com.br\/blog\/fachada-metalica\/fachadas-de-edificios-a-escolha-certa-para-refletir-o-estilo-e-personalidade-do-seu-empreendimento\/#article\",\"isPartOf\":{\"@id\":\"https:\/\/planmetal.com.br\/blog\/fachada-metalica\/fachadas-de-edificios-a-escolha-certa-para-refletir-o-estilo-e-personalidade-do-seu-empreendimento\/\"},\"author\":{\"name\":\"admin\",\"@id\":\"https:\/\/planmetal.com.br\/blog\/#\/schema\/person\/6c8bd541a79b861ef9143cd0a495c50e\"},\"headline\":\"Fachadas de edif\u00edcios: a escolha certa para refletir o estilo e personalidade do seu empreendimento\",\"datePublished\":\"2026-01-27T17:47:25+00:00\",\"dateModified\":\"2026-01-27T19:16:47+00:00\",\"mainEntityOfPage\":{\"@id\":\"https:\/\/planmetal.com.br\/blog\/fachada-metalica\/fachadas-de-edificios-a-escolha-certa-para-refletir-o-estilo-e-personalidade-do-seu-empreendimento\/\"},\"wordCount\":855,\"commentCount\":0,\"publisher\":{\"@id\":\"https:\/\/planmetal.com.br\/blog\/#organization\"},\"image\":{\"@id\":\"https:\/\/planmetal.com.br\/blog\/fachada-metalica\/fachadas-de-edificios-a-escolha-certa-para-refletir-o-estilo-e-personalidade-do-seu-empreendimento\/#primaryimage\"},\"thumbnailUrl\":\"https:\/\/planmetal.com.br\/blog\/wp-content\/uploads\/2025\/03\/DJI_0137-1024x768-1.jpeg\",\"keywords\":[\"design de fachadas\",\"distribuidor de fachadas de edif\u00edcios\",\"efici\u00eancia energ\u00e9tica em fachadas\",\"empresa de fachadas de edif\u00edcios\",\"f\u00e1brica de fachadas de edif\u00edcios\",\"fabricante de fachadas de edif\u00edcios\",\"fachadas arquitet\u00f4nicas\",\"fachadas comerciais\",\"fachadas comerciais modernas\",\"fachadas de edif\u00edcios\",\"fachadas de edif\u00edcios em Pinheiros\",\"fachadas de edif\u00edcios em promo\u00e7\u00e3o\",\"fachadas de edif\u00edcios em s\u00e3o paulo\",\"fachadas de edif\u00edcios em sp\",\"fachadas de edif\u00edcios na Faria Lima\",\"fachadas de edif\u00edcios na zona sul\",\"fachadas de edif\u00edcios no Campo Limpo Paulista\",\"fachadas de edif\u00edcios no Itaim Bibi\",\"fachadas de edif\u00edcios no Jardim Paulistano\",\"fachadas de edif\u00edcios perto de mim\",\"fachadas de edif\u00edcios pre\u00e7o\",\"fachadas de edif\u00edcios pr\u00f3ximo a mim\",\"fachadas em concreto\",\"fachadas em madeira\",\"fachadas em vidro\",\"fachadas inovadoras\",\"fachadas met\u00e1licas\",\"fachadas modernas\",\"fachadas residenciais\",\"fachadas sustent\u00e1veis\",\"fachadas ventiladas\",\"fornecedor de fachadas de edif\u00edcios\",\"isolamento t\u00e9rmico em fachadas\",\"loja de fachadas de edif\u00edcios\",\"PlanMetal fachadas\",\"tipos de fachadas\",\"valoriza\u00e7\u00e3o imobili\u00e1ria\"],\"articleSection\":[\"Fachada met\u00e1lica\"],\"inLanguage\":\"pt-BR\",\"potentialAction\":[{\"@type\":\"CommentAction\",\"name\":\"Comment\",\"target\":[\"https:\/\/planmetal.com.br\/blog\/fachada-metalica\/fachadas-de-edificios-a-escolha-certa-para-refletir-o-estilo-e-personalidade-do-seu-empreendimento\/#respond\"]}]},{\"@type\":\"WebPage\",\"@id\":\"https:\/\/planmetal.com.br\/blog\/fachada-metalica\/fachadas-de-edificios-a-escolha-certa-para-refletir-o-estilo-e-personalidade-do-seu-empreendimento\/\",\"url\":\"https:\/\/planmetal.com.br\/blog\/fachada-metalica\/fachadas-de-edificios-a-escolha-certa-para-refletir-o-estilo-e-personalidade-do-seu-empreendimento\/\",\"name\":\"Fachadas de edif\u00edcios: a escolha certa para refletir o estilo e personalidade do seu empreendimento - Blog PlanMetal\",\"isPartOf\":{\"@id\":\"https:\/\/planmetal.com.br\/blog\/#website\"},\"primaryImageOfPage\":{\"@id\":\"https:\/\/planmetal.com.br\/blog\/fachada-metalica\/fachadas-de-edificios-a-escolha-certa-para-refletir-o-estilo-e-personalidade-do-seu-empreendimento\/#primaryimage\"},\"image\":{\"@id\":\"https:\/\/planmetal.com.br\/blog\/fachada-metalica\/fachadas-de-edificios-a-escolha-certa-para-refletir-o-estilo-e-personalidade-do-seu-empreendimento\/#primaryimage\"},\"thumbnailUrl\":\"https:\/\/planmetal.com.br\/blog\/wp-content\/uploads\/2025\/03\/DJI_0137-1024x768-1.jpeg\",\"datePublished\":\"2026-01-27T17:47:25+00:00\",\"dateModified\":\"2026-01-27T19:16:47+00:00\",\"description\":\"Descubra como escolher a fachada ideal para o seu edif\u00edcio e refletir o estilo e a personalidade do seu empreendimento. Conhe\u00e7a a PlanMetal!\",\"breadcrumb\":{\"@id\":\"https:\/\/planmetal.com.br\/blog\/fachada-metalica\/fachadas-de-edificios-a-escolha-certa-para-refletir-o-estilo-e-personalidade-do-seu-empreendimento\/#breadcrumb\"},\"inLanguage\":\"pt-BR\",\"potentialAction\":[{\"@type\":\"ReadAction\",\"target\":[\"https:\/\/planmetal.com.br\/blog\/fachada-metalica\/fachadas-de-edificios-a-escolha-certa-para-refletir-o-estilo-e-personalidade-do-seu-empreendimento\/\"]}]},{\"@type\":\"ImageObject\",\"inLanguage\":\"pt-BR\",\"@id\":\"https:\/\/planmetal.com.br\/blog\/fachada-metalica\/fachadas-de-edificios-a-escolha-certa-para-refletir-o-estilo-e-personalidade-do-seu-empreendimento\/#primaryimage\",\"url\":\"https:\/\/planmetal.com.br\/blog\/wp-content\/uploads\/2025\/03\/DJI_0137-1024x768-1.jpeg\",\"contentUrl\":\"https:\/\/planmetal.com.br\/blog\/wp-content\/uploads\/2025\/03\/DJI_0137-1024x768-1.jpeg\",\"width\":1024,\"height\":768,\"caption\":\"Fachadas de edif\u00edcios: a escolha certa para refletir o estilo e personalidade do seu empreendimento\"},{\"@type\":\"BreadcrumbList\",\"@id\":\"https:\/\/planmetal.com.br\/blog\/fachada-metalica\/fachadas-de-edificios-a-escolha-certa-para-refletir-o-estilo-e-personalidade-do-seu-empreendimento\/#breadcrumb\",\"itemListElement\":[{\"@type\":\"ListItem\",\"position\":1,\"name\":\"In\u00edcio\",\"item\":\"https:\/\/planmetal.com.br\/blog\/\"},{\"@type\":\"ListItem\",\"position\":2,\"name\":\"Fachadas de edif\u00edcios: a escolha certa para refletir o estilo e personalidade do seu empreendimento\"}]},{\"@type\":\"WebSite\",\"@id\":\"https:\/\/planmetal.com.br\/blog\/#website\",\"url\":\"https:\/\/planmetal.com.br\/blog\/\",\"name\":\"Blog PlanMetal\",\"description\":\"\",\"publisher\":{\"@id\":\"https:\/\/planmetal.com.br\/blog\/#organization\"},\"potentialAction\":[{\"@type\":\"SearchAction\",\"target\":{\"@type\":\"EntryPoint\",\"urlTemplate\":\"https:\/\/planmetal.com.br\/blog\/?s={search_term_string}\"},\"query-input\":{\"@type\":\"PropertyValueSpecification\",\"valueRequired\":true,\"valueName\":\"search_term_string\"}}],\"inLanguage\":\"pt-BR\"},{\"@type\":\"Organization\",\"@id\":\"https:\/\/planmetal.com.br\/blog\/#organization\",\"name\":\"Blog PlanMetal\",\"url\":\"https:\/\/planmetal.com.br\/blog\/\",\"logo\":{\"@type\":\"ImageObject\",\"inLanguage\":\"pt-BR\",\"@id\":\"https:\/\/planmetal.com.br\/blog\/#\/schema\/logo\/image\/\",\"url\":\"https:\/\/planmetal.com.br\/blog\/wp-content\/uploads\/2024\/12\/cropped-logo-2.png\",\"contentUrl\":\"https:\/\/planmetal.com.br\/blog\/wp-content\/uploads\/2024\/12\/cropped-logo-2.png\",\"width\":1538,\"height\":433,\"caption\":\"Blog PlanMetal\"},\"image\":{\"@id\":\"https:\/\/planmetal.com.br\/blog\/#\/schema\/logo\/image\/\"}},{\"@type\":\"Person\",\"@id\":\"https:\/\/planmetal.com.br\/blog\/#\/schema\/person\/6c8bd541a79b861ef9143cd0a495c50e\",\"name\":\"admin\",\"image\":{\"@type\":\"ImageObject\",\"inLanguage\":\"pt-BR\",\"@id\":\"https:\/\/planmetal.com.br\/blog\/#\/schema\/person\/image\/\",\"url\":\"https:\/\/secure.gravatar.com\/avatar\/f3273dd18d95bc19d51d3e6356e4a679e6f13824497272a270e7bb540b0abb9d?s=96&d=mm&r=g\",\"contentUrl\":\"https:\/\/secure.gravatar.com\/avatar\/f3273dd18d95bc19d51d3e6356e4a679e6f13824497272a270e7bb540b0abb9d?s=96&d=mm&r=g\",\"caption\":\"admin\"},\"sameAs\":[\"https:\/\/planmetal.com.br\/blog\"],\"url\":\"https:\/\/planmetal.com.br\/blog\/author\/admin\/\"}]}<\/script>\n<!-- \/ Yoast SEO plugin. -->","yoast_head_json":{"title":"Fachadas de edif\u00edcios: a escolha certa para refletir o estilo e personalidade do seu empreendimento - Blog PlanMetal","description":"Descubra como escolher a fachada ideal para o seu edif\u00edcio e refletir o estilo e a personalidade do seu empreendimento. Conhe\u00e7a a PlanMetal!","robots":{"index":"index","follow":"follow","max-snippet":"max-snippet:-1","max-image-preview":"max-image-preview:large","max-video-preview":"max-video-preview:-1"},"canonical":"https:\/\/planmetal.com.br\/blog\/fachada-metalica\/fachadas-de-edificios-a-escolha-certa-para-refletir-o-estilo-e-personalidade-do-seu-empreendimento\/","og_locale":"pt_BR","og_type":"article","og_title":"Fachadas de edif\u00edcios: a escolha certa para refletir o estilo e personalidade do seu empreendimento - Blog PlanMetal","og_description":"Descubra como escolher a fachada ideal para o seu edif\u00edcio e refletir o estilo e a personalidade do seu empreendimento. Conhe\u00e7a a PlanMetal!","og_url":"https:\/\/planmetal.com.br\/blog\/fachada-metalica\/fachadas-de-edificios-a-escolha-certa-para-refletir-o-estilo-e-personalidade-do-seu-empreendimento\/","og_site_name":"Blog PlanMetal","article_published_time":"2026-01-27T17:47:25+00:00","article_modified_time":"2026-01-27T19:16:47+00:00","og_image":[{"width":1024,"height":768,"url":"https:\/\/planmetal.com.br\/blog\/wp-content\/uploads\/2025\/03\/DJI_0137-1024x768-1.jpeg","type":"image\/jpeg"}],"author":"admin","twitter_card":"summary_large_image","twitter_misc":{"Escrito por":"admin","Est. tempo de leitura":"5 minutos"},"schema":{"@context":"https:\/\/schema.org","@graph":[{"@type":"Article","@id":"https:\/\/planmetal.com.br\/blog\/fachada-metalica\/fachadas-de-edificios-a-escolha-certa-para-refletir-o-estilo-e-personalidade-do-seu-empreendimento\/#article","isPartOf":{"@id":"https:\/\/planmetal.com.br\/blog\/fachada-metalica\/fachadas-de-edificios-a-escolha-certa-para-refletir-o-estilo-e-personalidade-do-seu-empreendimento\/"},"author":{"name":"admin","@id":"https:\/\/planmetal.com.br\/blog\/#\/schema\/person\/6c8bd541a79b861ef9143cd0a495c50e"},"headline":"Fachadas de edif\u00edcios: a escolha certa para refletir o estilo e personalidade do seu empreendimento","datePublished":"2026-01-27T17:47:25+00:00","dateModified":"2026-01-27T19:16:47+00:00","mainEntityOfPage":{"@id":"https:\/\/planmetal.com.br\/blog\/fachada-metalica\/fachadas-de-edificios-a-escolha-certa-para-refletir-o-estilo-e-personalidade-do-seu-empreendimento\/"},"wordCount":855,"commentCount":0,"publisher":{"@id":"https:\/\/planmetal.com.br\/blog\/#organization"},"image":{"@id":"https:\/\/planmetal.com.br\/blog\/fachada-metalica\/fachadas-de-edificios-a-escolha-certa-para-refletir-o-estilo-e-personalidade-do-seu-empreendimento\/#primaryimage"},"thumbnailUrl":"https:\/\/planmetal.com.br\/blog\/wp-content\/uploads\/2025\/03\/DJI_0137-1024x768-1.jpeg","keywords":["design de fachadas","distribuidor de fachadas de edif\u00edcios","efici\u00eancia energ\u00e9tica em fachadas","empresa de fachadas de edif\u00edcios","f\u00e1brica de fachadas de edif\u00edcios","fabricante de fachadas de edif\u00edcios","fachadas arquitet\u00f4nicas","fachadas comerciais","fachadas comerciais modernas","fachadas de edif\u00edcios","fachadas de edif\u00edcios em Pinheiros","fachadas de edif\u00edcios em promo\u00e7\u00e3o","fachadas de edif\u00edcios em s\u00e3o paulo","fachadas de edif\u00edcios em sp","fachadas de edif\u00edcios na Faria Lima","fachadas de edif\u00edcios na zona sul","fachadas de edif\u00edcios no Campo Limpo Paulista","fachadas de edif\u00edcios no Itaim Bibi","fachadas de edif\u00edcios no Jardim Paulistano","fachadas de edif\u00edcios perto de mim","fachadas de edif\u00edcios pre\u00e7o","fachadas de edif\u00edcios pr\u00f3ximo a mim","fachadas em concreto","fachadas em madeira","fachadas em vidro","fachadas inovadoras","fachadas met\u00e1licas","fachadas modernas","fachadas residenciais","fachadas sustent\u00e1veis","fachadas ventiladas","fornecedor de fachadas de edif\u00edcios","isolamento t\u00e9rmico em fachadas","loja de fachadas de edif\u00edcios","PlanMetal fachadas","tipos de fachadas","valoriza\u00e7\u00e3o imobili\u00e1ria"],"articleSection":["Fachada met\u00e1lica"],"inLanguage":"pt-BR","potentialAction":[{"@type":"CommentAction","name":"Comment","target":["https:\/\/planmetal.com.br\/blog\/fachada-metalica\/fachadas-de-edificios-a-escolha-certa-para-refletir-o-estilo-e-personalidade-do-seu-empreendimento\/#respond"]}]},{"@type":"WebPage","@id":"https:\/\/planmetal.com.br\/blog\/fachada-metalica\/fachadas-de-edificios-a-escolha-certa-para-refletir-o-estilo-e-personalidade-do-seu-empreendimento\/","url":"https:\/\/planmetal.com.br\/blog\/fachada-metalica\/fachadas-de-edificios-a-escolha-certa-para-refletir-o-estilo-e-personalidade-do-seu-empreendimento\/","name":"Fachadas de edif\u00edcios: a escolha certa para refletir o estilo e personalidade do seu empreendimento - Blog PlanMetal","isPartOf":{"@id":"https:\/\/planmetal.com.br\/blog\/#website"},"primaryImageOfPage":{"@id":"https:\/\/planmetal.com.br\/blog\/fachada-metalica\/fachadas-de-edificios-a-escolha-certa-para-refletir-o-estilo-e-personalidade-do-seu-empreendimento\/#primaryimage"},"image":{"@id":"https:\/\/planmetal.com.br\/blog\/fachada-metalica\/fachadas-de-edificios-a-escolha-certa-para-refletir-o-estilo-e-personalidade-do-seu-empreendimento\/#primaryimage"},"thumbnailUrl":"https:\/\/planmetal.com.br\/blog\/wp-content\/uploads\/2025\/03\/DJI_0137-1024x768-1.jpeg","datePublished":"2026-01-27T17:47:25+00:00","dateModified":"2026-01-27T19:16:47+00:00","description":"Descubra como escolher a fachada ideal para o seu edif\u00edcio e refletir o estilo e a personalidade do seu empreendimento. Conhe\u00e7a a PlanMetal!","breadcrumb":{"@id":"https:\/\/planmetal.com.br\/blog\/fachada-metalica\/fachadas-de-edificios-a-escolha-certa-para-refletir-o-estilo-e-personalidade-do-seu-empreendimento\/#breadcrumb"},"inLanguage":"pt-BR","potentialAction":[{"@type":"ReadAction","target":["https:\/\/planmetal.com.br\/blog\/fachada-metalica\/fachadas-de-edificios-a-escolha-certa-para-refletir-o-estilo-e-personalidade-do-seu-empreendimento\/"]}]},{"@type":"ImageObject","inLanguage":"pt-BR","@id":"https:\/\/planmetal.com.br\/blog\/fachada-metalica\/fachadas-de-edificios-a-escolha-certa-para-refletir-o-estilo-e-personalidade-do-seu-empreendimento\/#primaryimage","url":"https:\/\/planmetal.com.br\/blog\/wp-content\/uploads\/2025\/03\/DJI_0137-1024x768-1.jpeg","contentUrl":"https:\/\/planmetal.com.br\/blog\/wp-content\/uploads\/2025\/03\/DJI_0137-1024x768-1.jpeg","width":1024,"height":768,"caption":"Fachadas de edif\u00edcios: a escolha certa para refletir o estilo e personalidade do seu empreendimento"},{"@type":"BreadcrumbList","@id":"https:\/\/planmetal.com.br\/blog\/fachada-metalica\/fachadas-de-edificios-a-escolha-certa-para-refletir-o-estilo-e-personalidade-do-seu-empreendimento\/#breadcrumb","itemListElement":[{"@type":"ListItem","position":1,"name":"In\u00edcio","item":"https:\/\/planmetal.com.br\/blog\/"},{"@type":"ListItem","position":2,"name":"Fachadas de edif\u00edcios: a escolha certa para refletir o estilo e personalidade do seu empreendimento"}]},{"@type":"WebSite","@id":"https:\/\/planmetal.com.br\/blog\/#website","url":"https:\/\/planmetal.com.br\/blog\/","name":"Blog PlanMetal","description":"","publisher":{"@id":"https:\/\/planmetal.com.br\/blog\/#organization"},"potentialAction":[{"@type":"SearchAction","target":{"@type":"EntryPoint","urlTemplate":"https:\/\/planmetal.com.br\/blog\/?s={search_term_string}"},"query-input":{"@type":"PropertyValueSpecification","valueRequired":true,"valueName":"search_term_string"}}],"inLanguage":"pt-BR"},{"@type":"Organization","@id":"https:\/\/planmetal.com.br\/blog\/#organization","name":"Blog PlanMetal","url":"https:\/\/planmetal.com.br\/blog\/","logo":{"@type":"ImageObject","inLanguage":"pt-BR","@id":"https:\/\/planmetal.com.br\/blog\/#\/schema\/logo\/image\/","url":"https:\/\/planmetal.com.br\/blog\/wp-content\/uploads\/2024\/12\/cropped-logo-2.png","contentUrl":"https:\/\/planmetal.com.br\/blog\/wp-content\/uploads\/2024\/12\/cropped-logo-2.png","width":1538,"height":433,"caption":"Blog PlanMetal"},"image":{"@id":"https:\/\/planmetal.com.br\/blog\/#\/schema\/logo\/image\/"}},{"@type":"Person","@id":"https:\/\/planmetal.com.br\/blog\/#\/schema\/person\/6c8bd541a79b861ef9143cd0a495c50e","name":"admin","image":{"@type":"ImageObject","inLanguage":"pt-BR","@id":"https:\/\/planmetal.com.br\/blog\/#\/schema\/person\/image\/","url":"https:\/\/secure.gravatar.com\/avatar\/f3273dd18d95bc19d51d3e6356e4a679e6f13824497272a270e7bb540b0abb9d?s=96&d=mm&r=g","contentUrl":"https:\/\/secure.gravatar.com\/avatar\/f3273dd18d95bc19d51d3e6356e4a679e6f13824497272a270e7bb540b0abb9d?s=96&d=mm&r=g","caption":"admin"},"sameAs":["https:\/\/planmetal.com.br\/blog"],"url":"https:\/\/planmetal.com.br\/blog\/author\/admin\/"}]}},"_links":{"self":[{"href":"https:\/\/planmetal.com.br\/blog\/wp-json\/wp\/v2\/posts\/107","targetHints":{"allow":["GET"]}}],"collection":[{"href":"https:\/\/planmetal.com.br\/blog\/wp-json\/wp\/v2\/posts"}],"about":[{"href":"https:\/\/planmetal.com.br\/blog\/wp-json\/wp\/v2\/types\/post"}],"author":[{"embeddable":true,"href":"https:\/\/planmetal.com.br\/blog\/wp-json\/wp\/v2\/users\/1"}],"replies":[{"embeddable":true,"href":"https:\/\/planmetal.com.br\/blog\/wp-json\/wp\/v2\/comments?post=107"}],"version-history":[{"count":1,"href":"https:\/\/planmetal.com.br\/blog\/wp-json\/wp\/v2\/posts\/107\/revisions"}],"predecessor-version":[{"id":111,"href":"https:\/\/planmetal.com.br\/blog\/wp-json\/wp\/v2\/posts\/107\/revisions\/111"}],"wp:featuredmedia":[{"embeddable":true,"href":"https:\/\/planmetal.com.br\/blog\/wp-json\/wp\/v2\/media\/108"}],"wp:attachment":[{"href":"https:\/\/planmetal.com.br\/blog\/wp-json\/wp\/v2\/media?parent=107"}],"wp:term":[{"taxonomy":"category","embeddable":true,"href":"https:\/\/planmetal.com.br\/blog\/wp-json\/wp\/v2\/categories?post=107"},{"taxonomy":"post_tag","embeddable":true,"href":"https:\/\/planmetal.com.br\/blog\/wp-json\/wp\/v2\/tags?post=107"}],"curies":[{"name":"wp","href":"https:\/\/api.w.org\/{rel}","templated":true}]}}